{"id":9692,"date":"2025-08-27T13:25:19","date_gmt":"2025-08-27T17:25:19","guid":{"rendered":"https:\/\/curbelolaw.com\/?p=9692"},"modified":"2026-04-14T12:45:51","modified_gmt":"2026-04-14T16:45:51","slug":"jueza-bloquea-deportacion-acelerada-a-chnv","status":"publish","type":"post","link":"https:\/\/curbelolaw.com\/es\/jueza-bloquea-deportacion-acelerada-a-chnv\/","title":{"rendered":"Jueza bloquea deportaci\u00f3n acelerada a CHNV"},"content":{"rendered":"\n<p>Tras un fallo federal, una jueza bloquea la deportaci\u00f3n acelerada a CHNV y protege moment\u00e1neamente a quienes ingresaron bajo el <a href=\"https:\/\/curbelolaw.com\/es\/requisitos-para-el-parole-humanitario\/\">parole humanitario<\/a>.<\/p>\n\n\n\n<p>Esta medida detiene los intentos de la administraci\u00f3n Trump de aplicar las deportaciones sin una audiencia y significa un alivio para miles de familias.&nbsp;<\/p>\n\n\n\n<p>Si usted o un ser querido necesita orientaci\u00f3n, contacte a nuestros <a href=\"https:\/\/curbelolaw.com\/es\/abogados-de-inmigracion-en-new-jersey\/\">abogados de inmigraci\u00f3n en New Jersey<\/a> de Curbelo Law para recibir asistencia legal inmediata.<\/p>\n\n\n\n<div class=\"wp-block-group alignfull\"><div class=\"wp-block-group__inner-container is-layout-constrained wp-block-group-is-layout-constrained\">\n<div class=\"wp-block-columns is-layout-flex wp-container-core-columns-is-layout-9d6595d7 wp-block-columns-is-layout-flex\">\n<div class=\"wp-block-column is-vertically-aligned-top is-layout-flow wp-block-column-is-layout-flow\" style=\"flex-basis:100%\">\n<div class=\"wp-block-buttons is-content-justification-center is-layout-flex wp-container-core-buttons-is-layout-16018d1d wp-block-buttons-is-layout-flex\">\n<div class=\"wp-block-button\"><a class=\"wp-block-button__link has-white-color has-text-color has-background has-link-color has-custom-font-size wp-element-button\" href=\"https:\/\/curbelolaw.com\/es\/contacto\/\" style=\"border-radius:999px;background-color:#D5A13A;padding-top:15px;padding-right:32px;padding-bottom:15px;padding-left:32px;font-size:21px;font-style:normal;font-weight:700;line-height:1.08\">\n\u00bfNecesita asistencia?<br>Le ayudamos con su caso\n<\/a><\/div>\n<\/div>\n<\/div>\n<\/div>\n<\/div><\/div>\n\n\n\n<div id=\"ez-toc-container\" class=\"ez-toc-v2_0_82_2 counter-hierarchy ez-toc-counter ez-toc-custom ez-toc-container-direction\">\n<div class=\"ez-toc-title-container\">\n<p class=\"ez-toc-title\" style=\"cursor:inherit\">En esta p\u00e1gina<\/p>\n<span class=\"ez-toc-title-toggle\"><\/span><\/div>\n<nav><ul class='ez-toc-list ez-toc-list-level-1 ' ><li class='ez-toc-page-1 ez-toc-heading-level-2'><a class=\"ez-toc-link ez-toc-heading-1\" href=\"https:\/\/curbelolaw.com\/es\/jueza-bloquea-deportacion-acelerada-a-chnv\/#%c2%bfpor-que-la-jueza-bloquea-la-deportacion-acelerada-chnv\" >\u00bfPor qu\u00e9 la jueza bloquea la deportaci\u00f3n acelerada CHNV?<\/a><\/li><li class='ez-toc-page-1 ez-toc-heading-level-2'><a class=\"ez-toc-link ez-toc-heading-2\" href=\"https:\/\/curbelolaw.com\/es\/jueza-bloquea-deportacion-acelerada-a-chnv\/#%c2%bfque-es-la-deportacion-acelerada\" >\u00bfQu\u00e9 es la deportaci\u00f3n acelerada?<\/a><\/li><li class='ez-toc-page-1 ez-toc-heading-level-2'><a class=\"ez-toc-link ez-toc-heading-3\" href=\"https:\/\/curbelolaw.com\/es\/jueza-bloquea-deportacion-acelerada-a-chnv\/#impacto-de-la-decision-en-las-deportaciones-aceleradas\" >Impacto de la decisi\u00f3n en las deportaciones aceleradas<\/a><\/li><li class='ez-toc-page-1 ez-toc-heading-level-2'><a class=\"ez-toc-link ez-toc-heading-4\" href=\"https:\/\/curbelolaw.com\/es\/jueza-bloquea-deportacion-acelerada-a-chnv\/#%c2%bfque-pasara-ahora-con-el-programa-chnv\" >\u00bfQu\u00e9 pasar\u00e1 ahora con el programa CHNV?<\/a><\/li><li class='ez-toc-page-1 ez-toc-heading-level-2'><a class=\"ez-toc-link ez-toc-heading-5\" href=\"https:\/\/curbelolaw.com\/es\/jueza-bloquea-deportacion-acelerada-a-chnv\/#proteja-su-futuro-con-nuestros-abogados-de-inmigracion-de-curbelo-law\" >Proteja su futuro con nuestros abogados de inmigraci\u00f3n de Curbelo Law<\/a><\/li><\/ul><\/nav><\/div>\n<h2 class=\"wp-block-heading\"><span class=\"ez-toc-section\" id=\"%c2%bfpor-que-la-jueza-bloquea-la-deportacion-acelerada-chnv\"><\/span>\u00bfPor qu\u00e9 la jueza bloquea la deportaci\u00f3n acelerada CHNV?<span class=\"ez-toc-section-end\"><\/span><\/h2>\n\n\n\n<p>El 1 de agosto de 2025 la jueza Jia M. Cobb tom\u00f3 la decisi\u00f3n de bloquear la deportaci\u00f3n acelerada contra inmigrantes con parole humanitario CHNV (Cuba, Hait\u00ed, Nicaragua y Venezuela), debido a que el proceso planteado por ICE:<\/p>\n\n\n\n<ul class=\"wp-block-list\">\n<li>Negaba a los inmigrantes el derecho a una audiencia ante un juez.<\/li>\n\n\n\n<li>Limitaba el acceso a representaci\u00f3n legal.<\/li>\n\n\n\n<li>Buscaba retirar beneficios humanitarios y autorizaciones de empleo.<\/li>\n\n\n\n<li>Permit\u00eda deportaciones r\u00e1pidas, sin audiencia ni oportunidad de defensa.<\/li>\n<\/ul>\n\n\n\n<div class=\"wp-block-media-text is-stacked-on-mobile\"><figure class=\"wp-block-media-text__media\"><img fetchpriority=\"high\" decoding=\"async\" width=\"800\" height=\"533\" src=\"https:\/\/curbelolaw.com\/wp-content\/uploads\/2023\/11\/como-detener-el-proceso-de-deportacion.jpg\" alt=\"c\u00f3mo detener el proceso de deportaci\u00f3n\" class=\"wp-image-7341 size-full\" srcset=\"https:\/\/curbelolaw.com\/wp-content\/uploads\/2023\/11\/como-detener-el-proceso-de-deportacion.jpg 800w, https:\/\/curbelolaw.com\/wp-content\/uploads\/2023\/11\/como-detener-el-proceso-de-deportacion-300x200.jpg 300w, https:\/\/curbelolaw.com\/wp-content\/uploads\/2023\/11\/como-detener-el-proceso-de-deportacion-768x512.jpg 768w\" sizes=\"(max-width: 800px) 100vw, 800px\" \/><\/figure><div class=\"wp-block-media-text__content\">\n<p class=\"has-medium-font-size\">Muchos inmigrantes desconocen <a href=\"https:\/\/curbelolaw.com\/es\/como-detener-el-proceso-de-deportacion\/\">c\u00f3mo detener el proceso de deportaci\u00f3n<\/a>, pero existen alternativas legales que pueden ayudar a mantener unida a la familia. En Curbelo Law podemos ayudarle a enfrentar estos momentos dif\u00edciles.<\/p>\n<\/div><\/div>\n\n\n\n<h2 class=\"wp-block-heading\"><span class=\"ez-toc-section\" id=\"%c2%bfque-es-la-deportacion-acelerada\"><\/span>\u00bfQu\u00e9 es la deportaci\u00f3n acelerada?<span class=\"ez-toc-section-end\"><\/span><\/h2>\n\n\n\n<p>La deportaci\u00f3n acelerada es un procedimiento que permite al gobierno estadounidense expulsar a un individuo sin presentarlo ante un juez de inmigraci\u00f3n.<\/p>\n\n\n\n<p>Por lo general, se aplica a quienes ingresan al pa\u00eds sin documentos v\u00e1lidos o de forma irregular.&nbsp;<\/p>\n\n\n\n<p>Sin embargo, la administraci\u00f3n Trump intentaba extenderla a inmigrantes que hab\u00edan entrado legalmente con parole humanitario CHNV.<\/p>\n\n\n\n<p class=\"has-background\" style=\"background-color:#ffecd9\">Algunos individuos pueden ser elegibles para la <a href=\"https:\/\/curbelolaw.com\/es\/cancelacion-de-deportacion-y-sus-beneficios\/\">cancelaci\u00f3n de deportaci\u00f3n y sus beneficios<\/a>, un recurso legal que ofrece la oportunidad de permanecer en Estados Unidos de manera m\u00e1s estable.<\/p>\n\n\n\n<h2 class=\"wp-block-heading\"><span class=\"ez-toc-section\" id=\"impacto-de-la-decision-en-las-deportaciones-aceleradas\"><\/span>Impacto de la decisi\u00f3n en las deportaciones aceleradas<span class=\"ez-toc-section-end\"><\/span><\/h2>\n\n\n\n<p>El fallo de la jueza tuvo efectos inmediatos sobre la pol\u00edtica migratoria:<\/p>\n\n\n\n<ul class=\"wp-block-list\">\n<li>Suspende la deportaci\u00f3n acelerada para los beneficiarios del parole humanitario CHNV.<\/li>\n\n\n\n<li>Impide a ICE ejecutar expulsiones r\u00e1pidas sin audiencia ni acceso a un abogado de inmigraci\u00f3n.<\/li>\n\n\n\n<li>Frena el plan de la administraci\u00f3n Trump de ampliar este tipo de deportaciones.<\/li>\n\n\n\n<li>Ofrece a los inmigrantes la oportunidad de defender su caso en corte, algo que antes no era posible.<\/li>\n<\/ul>\n\n\n\n<p>La decisi\u00f3n protege a cientos de miles de inmigrantes de Cuba, Hait\u00ed, Nicaragua y Venezuela que ingresaron con el parole CHNV. Sin esta orden judicial, muchos de ellos habr\u00edan enfrentado una expulsi\u00f3n inmediata.<\/p>\n\n\n\n<h2 class=\"wp-block-heading\"><span class=\"ez-toc-section\" id=\"%c2%bfque-pasara-ahora-con-el-programa-chnv\"><\/span>\u00bfQu\u00e9 pasar\u00e1 ahora con el programa CHNV?<span class=\"ez-toc-section-end\"><\/span><\/h2>\n\n\n\n<p>Aunque la jueza detuvo la deportaci\u00f3n acelerada, la decisi\u00f3n es temporal y a\u00fan puede ser apelada por el Departamento de Seguridad Nacional (<a href=\"https:\/\/www.dhs.gov\/\" target=\"_blank\" rel=\"noreferrer noopener\">DHS<\/a>). De hecho:<\/p>\n\n\n\n<ul class=\"wp-block-list\">\n<li>El litigio sigue abierto en instancias federales.<\/li>\n\n\n\n<li>El caso todav\u00eda podr\u00eda llegar a instancias superiores, donde se definir\u00eda la legalidad de terminar con el parole humanitario CHNV.<\/li>\n\n\n\n<li>Mientras se conoce una decisi\u00f3n definitiva, el fallo protege a cientos de miles de inmigrantes de Cuba, Hait\u00ed, Nicaragua y Venezuela que entraron legalmente con un patrocinador.<\/li>\n\n\n\n<li>Organizaciones civiles contin\u00faan litigando para que esta protecci\u00f3n no sea solo provisional.<\/li>\n<\/ul>\n\n\n\n<div class=\"wp-block-media-text is-stacked-on-mobile\"><figure class=\"wp-block-media-text__media\"><img decoding=\"async\" width=\"800\" height=\"600\" src=\"https:\/\/curbelolaw.com\/wp-content\/uploads\/2022\/09\/como-saber-si-tengo-orden-de-deportacion-en-estados-unidos.jpg\" alt=\"c\u00f3mo saber si tengo una orden de deportaci\u00f3n en estados unidos\" class=\"wp-image-5883 size-full\" srcset=\"https:\/\/curbelolaw.com\/wp-content\/uploads\/2022\/09\/como-saber-si-tengo-orden-de-deportacion-en-estados-unidos.jpg 800w, https:\/\/curbelolaw.com\/wp-content\/uploads\/2022\/09\/como-saber-si-tengo-orden-de-deportacion-en-estados-unidos-300x225.jpg 300w, https:\/\/curbelolaw.com\/wp-content\/uploads\/2022\/09\/como-saber-si-tengo-orden-de-deportacion-en-estados-unidos-768x576.jpg 768w\" sizes=\"(max-width: 800px) 100vw, 800px\" \/><\/figure><div class=\"wp-block-media-text__content\">\n<p class=\"has-medium-font-size\">En muchos casos, los inmigrantes no saben si existe una orden en su contra. Conozca <a href=\"https:\/\/curbelolaw.com\/es\/como-saber-si-tengo-orden-de-deportacion-en-ee-uu\/\">c\u00f3mo saber si tiene una orden de deportaci\u00f3n en EE. UU.<\/a> y qu\u00e9 hacer en esa situaci\u00f3n.<\/p>\n<\/div><\/div>\n\n\n\n<h2 class=\"wp-block-heading\"><span class=\"ez-toc-section\" id=\"proteja-su-futuro-con-nuestros-abogados-de-inmigracion-de-curbelo-law\"><\/span>Proteja su futuro con nuestros abogados de inmigraci\u00f3n de Curbelo Law<span class=\"ez-toc-section-end\"><\/span><\/h2>\n\n\n\n<p>Con m\u00e1s de 10 a\u00f1os de experiencia en inmigraci\u00f3n, en Curbelo Law aconsejamos a los beneficiarios del programa CHNV:<\/p>\n\n\n\n<ul class=\"wp-block-list\">\n<li>Mantener vigente su estatus legal y cumplir con todas las condiciones de su parole humanitario.<\/li>\n\n\n\n<li>Conservar organizadas copias de sus permisos, notificaciones y documentos oficiales.<\/li>\n\n\n\n<li>Consultar cuanto antes con un abogado de inmigraci\u00f3n para conocer riesgos y opciones disponibles.<\/li>\n<\/ul>\n\n\n\n<p>Ll\u00e1menos hoy mismo y obtenga la asesor\u00eda profesional que su familia necesita para mantenerse protegida en Estados Unidos.<\/p>\n\n\n\n<div class=\"wp-block-group alignfull\"><div class=\"wp-block-group__inner-container is-layout-constrained wp-block-group-is-layout-constrained\">\n<div class=\"wp-block-columns is-layout-flex wp-container-core-columns-is-layout-9d6595d7 wp-block-columns-is-layout-flex\">\n<div class=\"wp-block-column is-vertically-aligned-top is-layout-flow wp-block-column-is-layout-flow\" style=\"flex-basis:100%\">\n<div class=\"wp-block-buttons is-content-justification-center is-layout-flex wp-container-core-buttons-is-layout-16018d1d wp-block-buttons-is-layout-flex\">\n<div class=\"wp-block-button\"><a class=\"wp-block-button__link has-white-color has-text-color has-background has-link-color has-custom-font-size wp-element-button\" href=\"https:\/\/curbelolaw.com\/es\/contacto\/\" style=\"border-radius:999px;background-color:#D5A13A;padding-top:15px;padding-right:32px;padding-bottom:15px;padding-left:32px;font-size:21px;font-style:normal;font-weight:700;line-height:1.08\">\n\u00bfNecesita asistencia?<br>Le ayudamos con su caso\n<\/a><\/div>\n<\/div>\n<\/div>\n<\/div>\n<\/div><\/div>\n","protected":false},"excerpt":{"rendered":"<p>Tras un fallo federal, una jueza bloquea la deportaci\u00f3n acelerada a CHNV y protege moment\u00e1neamente a quienes ingresaron bajo el parole humanitario. Esta medida detiene los intentos de la administraci\u00f3n Trump de aplicar las deportaciones sin una audiencia y significa un alivio para miles de familias.&nbsp; Si usted o un ser querido necesita orientaci\u00f3n, contacte [&hellip;]<\/p>\n","protected":false},"author":2,"featured_media":9694,"comment_status":"closed","ping_status":"open","sticky":false,"template":"","format":"standard","meta":{"ocean_post_layout":"","ocean_both_sidebars_style":"","ocean_both_sidebars_content_width":0,"ocean_both_sidebars_sidebars_width":0,"ocean_sidebar":"","ocean_second_sidebar":"","ocean_disable_margins":"enable","ocean_add_body_class":"","ocean_shortcode_before_top_bar":"","ocean_shortcode_after_top_bar":"","ocean_shortcode_before_header":"","ocean_shortcode_after_header":"","ocean_has_shortcode":"","ocean_shortcode_after_title":"","ocean_shortcode_before_footer_widgets":"","ocean_shortcode_after_footer_widgets":"","ocean_shortcode_before_footer_bottom":"","ocean_shortcode_after_footer_bottom":"","ocean_display_top_bar":"default","ocean_display_header":"default","ocean_header_style":"","ocean_center_header_left_menu":"","ocean_custom_header_template":"","ocean_custom_logo":0,"ocean_custom_retina_logo":0,"ocean_custom_logo_max_width":0,"ocean_custom_logo_tablet_max_width":0,"ocean_custom_logo_mobile_max_width":0,"ocean_custom_logo_max_height":0,"ocean_custom_logo_tablet_max_height":0,"ocean_custom_logo_mobile_max_height":0,"ocean_header_custom_menu":"","ocean_menu_typo_font_family":"","ocean_menu_typo_font_subset":"","ocean_menu_typo_font_size":0,"ocean_menu_typo_font_size_tablet":0,"ocean_menu_typo_font_size_mobile":0,"ocean_menu_typo_font_size_unit":"px","ocean_menu_typo_font_weight":"","ocean_menu_typo_font_weight_tablet":"","ocean_menu_typo_font_weight_mobile":"","ocean_menu_typo_transform":"","ocean_menu_typo_transform_tablet":"","ocean_menu_typo_transform_mobile":"","ocean_menu_typo_line_height":0,"ocean_menu_typo_line_height_tablet":0,"ocean_menu_typo_line_height_mobile":0,"ocean_menu_typo_line_height_unit":"","ocean_menu_typo_spacing":0,"ocean_menu_typo_spacing_tablet":0,"ocean_menu_typo_spacing_mobile":0,"ocean_menu_typo_spacing_unit":"","ocean_menu_link_color":"","ocean_menu_link_color_hover":"","ocean_menu_link_color_active":"","ocean_menu_link_background":"","ocean_menu_link_hover_background":"","ocean_menu_link_active_background":"","ocean_menu_social_links_bg":"","ocean_menu_social_hover_links_bg":"","ocean_menu_social_links_color":"","ocean_menu_social_hover_links_color":"","ocean_disable_title":"default","ocean_disable_heading":"default","ocean_post_title":"","ocean_post_subheading":"","ocean_post_title_style":"","ocean_post_title_background_color":"","ocean_post_title_background":0,"ocean_post_title_bg_image_position":"","ocean_post_title_bg_image_attachment":"","ocean_post_title_bg_image_repeat":"","ocean_post_title_bg_image_size":"","ocean_post_title_height":0,"ocean_post_title_bg_overlay":0.5,"ocean_post_title_bg_overlay_color":"","ocean_disable_breadcrumbs":"default","ocean_breadcrumbs_color":"","ocean_breadcrumbs_separator_color":"","ocean_breadcrumbs_links_color":"","ocean_breadcrumbs_links_hover_color":"","ocean_display_footer_widgets":"default","ocean_display_footer_bottom":"default","ocean_custom_footer_template":"","ocean_post_oembed":"","ocean_post_self_hosted_media":"","ocean_post_video_embed":"","ocean_link_format":"","ocean_link_format_target":"self","ocean_quote_format":"","ocean_quote_format_link":"post","ocean_gallery_link_images":"on","ocean_gallery_id":[],"footnotes":""},"categories":[28],"tags":[],"class_list":["post-9692","post","type-post","status-publish","format-standard","has-post-thumbnail","hentry","category-noticias-y-eventos","entry","has-media"],"_links":{"self":[{"href":"https:\/\/curbelolaw.com\/es\/wp-json\/wp\/v2\/posts\/9692","targetHints":{"allow":["GET"]}}],"collection":[{"href":"https:\/\/curbelolaw.com\/es\/wp-json\/wp\/v2\/posts"}],"about":[{"href":"https:\/\/curbelolaw.com\/es\/wp-json\/wp\/v2\/types\/post"}],"author":[{"embeddable":true,"href":"https:\/\/curbelolaw.com\/es\/wp-json\/wp\/v2\/users\/2"}],"replies":[{"embeddable":true,"href":"https:\/\/curbelolaw.com\/es\/wp-json\/wp\/v2\/comments?post=9692"}],"version-history":[{"count":2,"href":"https:\/\/curbelolaw.com\/es\/wp-json\/wp\/v2\/posts\/9692\/revisions"}],"predecessor-version":[{"id":11723,"href":"https:\/\/curbelolaw.com\/es\/wp-json\/wp\/v2\/posts\/9692\/revisions\/11723"}],"wp:featuredmedia":[{"embeddable":true,"href":"https:\/\/curbelolaw.com\/es\/wp-json\/wp\/v2\/media\/9694"}],"wp:attachment":[{"href":"https:\/\/curbelolaw.com\/es\/wp-json\/wp\/v2\/media?parent=9692"}],"wp:term":[{"taxonomy":"category","embeddable":true,"href":"https:\/\/curbelolaw.com\/es\/wp-json\/wp\/v2\/categories?post=9692"},{"taxonomy":"post_tag","embeddable":true,"href":"https:\/\/curbelolaw.com\/es\/wp-json\/wp\/v2\/tags?post=9692"}],"curies":[{"name":"wp","href":"https:\/\/api.w.org\/{rel}","templated":true}]}}